{"id":1630,"date":"2022-05-17T12:14:41","date_gmt":"2022-05-17T10:14:41","guid":{"rendered":"https:\/\/www.tnsfood.com\/?p=1630"},"modified":"2022-05-23T10:58:50","modified_gmt":"2022-05-23T08:58:50","slug":"la-vision-clara-de-daphne-aers-tns-kroket-suministro-de-gambas-completamente-paralizado","status":"publish","type":"post","link":"https:\/\/www.tnsfood.com\/es\/noticias\/la-vision-clara-de-daphne-aers-tns-kroket-suministro-de-gambas-completamente-paralizado\/","title":{"rendered":"La visi\u00f3n clara de Daphne Aers (TNS Kroket): \u00abSuministro de gambas completamente paralizado\u00bb"},"content":{"rendered":"<div id=\"cb-featured-image\" class=\"cb-fis cb-fis-block-standard\">\n<div class=\"cb-mask\"><img loading=\"lazy\" decoding=\"async\" class=\"attachment-cb-759-500 size-cb-759-500 wp-post-image\" src=\"https:\/\/i1.wp.com\/www.madeinoostvlaanderen.be\/wp-content\/uploads\/2020\/06\/unnamed-2-1.jpg?w=512&amp;ssl=1\" sizes=\"auto, (max-width: 512px) 100vw, 512px\" alt=\"\" width=\"512\" height=\"373\" \/><\/div>\n<div class=\"cb-entry-header hentry cb-meta clearfix\">\n<div class=\"cb-byline\"><span class=\"cb-author vcard author\"><span class=\"fn\"><a href=\"https:\/\/www.madeinoostvlaanderen.be\/author\/rcromphout\/\">Rani Cromphout<\/a><\/span><\/span><span class=\"cb-date\"><time class=\" updated\" datetime=\"2020-06-25\"> 25 de junio de 2020<\/time><\/span><\/div>\n<\/div>\n<\/div>\n<section class=\"cb-entry-content clearfix\"><strong>Durante cinco semanas, preguntamos a los principales empresarios de la zona este sobre su visi\u00f3n de la vida durante y despu\u00e9s del coronavirus. La semana pasada, hablamos con <a href=\"https:\/\/www.madeinoostvlaanderen.be\/nieuws\/de-klare-kijk-van-dirk-van-roy-easyfairs-b2b-events-zijn-als-een-doe-het-zelf-zaak\/\" rel=\"noopener noreferrer\">Dirk Van Roy de ferias internacionales\u00a0Easyfairs<\/a>,\u00a0<a href=\"https:\/\/www.madeinoostvlaanderen.be\/nieuws\/de-klare-kijk-van-anneleen-desmyter-aldea-er-moeten-absoluut-hervormingen-komen\/\">Anneleen Desmyter de la empresa inmobiliaria sanitaria Aldea<\/a>,\u00a0<a href=\"https:\/\/www.madeinoostvlaanderen.be\/nieuws\/de-klare-kijk-van-dirk-deroose-willy-naessens-group-we-moeten-niet-terug-naar-een-exacte-kopie-van-2019\/\">Dirk Deroose del grupo de alimentaci\u00f3n y construcci\u00f3n Willy Naessens<\/a> y\u00a0<a href=\"https:\/\/www.madeinoostvlaanderen.be\/nieuws\/de-klare-kijk-van-kristof-van-rattinghe-sensolus-corona-leert-ons-dat-het-anders-kan\/\" target=\"_blank\" rel=\"noopener noreferrer\">Kristoff Van Rattinghe de sistemas de seguimiento Sensolus<\/a>. Para el \u00faltimo art\u00edculo de esta serie, nos reunimos con Daphne Aers de TNS Kroket en Eeklo.<\/strong>\u00abComo empresa del sector esencial, afortunadamente pudimos mantenernos activos. Tuvimos que movernos r\u00e1pidamente y ajustar la distancia entre las personas en las cadenas de producci\u00f3n, entre otras medidas. Nuestros empleados estaban muy contentos de poder seguir trabajando\u00bb, declara Daphne al comienzo de la entrevista sobre el impacto del coronavirus en su empresa. \u00abDesgraciadamente, el coronavirus hizo que no pudi\u00e9ramos alcanzar el crecimiento previsto del 30% a trav\u00e9s de las exportaciones. Las exportaciones se han paralizado por completo\u00bb.<\/p>\n<h2><img loading=\"lazy\" decoding=\"async\" class=\" wp-image-73183 alignright\" src=\"https:\/\/i0.wp.com\/www.madeinoostvlaanderen.be\/wp-content\/uploads\/2020\/06\/89824403_1339581106429766_9070112717376847872_o.jpg?resize=378%2C263&amp;ssl=1\" sizes=\"auto, (max-width: 325px) 100vw, 325px\" alt=\"\" width=\"325\" height=\"226\" \/>Inversi\u00f3n aplazada<\/h2>\n<p>TNS Kroket tambi\u00e9n ten\u00eda una fuerte inversi\u00f3n en sus planes. La empresa construir\u00eda una nueva f\u00e1brica por valor de 10 millones de euros en Eeklo. \u00abHemos dejado de lado estos planes durante un tiempo\u00bb, comenta Daphne. \u00abNormalmente tendr\u00edamos una facturaci\u00f3n de 11,5 millones, pero me temo que este a\u00f1o no alcanzaremos esta cifra. Por lo tanto, hemos decidido esperar y ver qu\u00e9 pasa\u00bb.<\/p>\n<p>Sin embargo, Daphne sabe que precisamente este razonamiento es muy peligroso para nuestra econom\u00eda. \u00abHoy he tenido una reuni\u00f3n con otros empresarios en Voka. All\u00ed comprend\u00ed que todos miramos hacia nuestros propios problemas y tememos por el futuro, pero al hacerlo, frenamos las inversiones y, por lo tanto, obstaculizamos el crecimiento o la reconquista de las ventas de otras empresas. Es importante que, a pesar del miedo, sigamos invirtiendo en nuestra econom\u00eda\u00bb.<\/p>\n<h2>El gobierno tambi\u00e9n deber\u00eda ayudar a las empresas medianas<\/h2>\n<p>Daphne tambi\u00e9n cree que el gobierno tiene que desempe\u00f1ar un papel importante en este sentido. \u00abHay muchas medidas para las peque\u00f1as empresas, pero tambi\u00e9n hay que apoyar a las medianas empresas que han permanecido en el negocio. A menudo se piensa que \u00ablo resolver\u00e1n ellos solos\u00bb. Estas empresas, que quieren seguir adelante, no deber\u00edan quedar fuera de la ecuaci\u00f3n a la hora de determinar las medidas de apoyo. No me refiero a las multinacionales, sino al segmento medio con 30 a 250 empleados\u00bb.<\/p>\n<p>A la pregunta de cu\u00e1nto tiempo se tardar\u00e1 en superar totalmente este periodo de crisis, la directora general de TNS Kroket respondi\u00f3 en un tono ligeramente m\u00e1s negativo que nuestros anteriores interlocutores. \u00abCreo que deber\u00edamos hablar de 2024. Habr\u00e1 un periodo de ajuste y veremos una recuperaci\u00f3n gradual, pero volver al 100%, o m\u00e1s bien al 110%, y por tanto al crecimiento esperado, ser\u00e1 un largo camino\u00bb.<\/p>\n<h2><img loading=\"lazy\" decoding=\"async\" class=\" wp-image-73182 alignleft\" src=\"https:\/\/i1.wp.com\/www.madeinoostvlaanderen.be\/wp-content\/uploads\/2020\/06\/43647268_895359034185311_8090895134922637312_o.jpg?resize=378%2C290&amp;ssl=1\" sizes=\"auto, (max-width: 326px) 100vw, 326px\" alt=\"\" width=\"326\" height=\"250\" \/>Suministro de gambas completamente paralizado<\/h2>\n<p>En nuestro pa\u00eds, el confinamiento ha terminado. El sector de la restauraci\u00f3n, el mayor mercado de TNS Kroket, se est\u00e1 recuperando gradualmente. Pero ahora surge un nuevo problema para la empresa de croquetas Eeklo. \u00abHace dos semanas, recibimos la noticia de que las piscifactor\u00edas de gambas en Marruecos han sido cerradas. El 50% de nuestros productos se elaboran con gambas. De un d\u00eda para el otro, el suministro de esta materia prima desapareci\u00f3 por completo. Nunca he experimentado algo as\u00ed en mis 20 a\u00f1os de carrera. Est\u00e1r viendo c\u00f3mo pasa algo y no poder hacer nada\u00bb.<\/p>\n<p>Daphne tambi\u00e9n teme que el COVID-19 afecte a la exportaci\u00f3n de sus productos. \u00abTodo el mundo se ve obligado a buscar en su propio pa\u00eds ahora que los productos ya no llegan. Esto puede hacer que algunas empresas dejar\u00e1n de trabajar con distribuidores extranjeros en el futuro\u00bb, afirma. \u00bb Ten\u00edamos una buena racha con TNS Kroket. En la actualidad estamos presentes en 18 pa\u00edses, principalmente a trav\u00e9s de un gran distribuidor, pero llevamos un a\u00f1o y medio trabajando para ampliar nuestras exportaciones en el Reino Unido, los Pa\u00edses Bajos, Francia y otros pa\u00edses vecinos. Espero que COVID-19 no detenga este crecimiento\u00bb.<\/p>\n<h2>\u201cIncluso sin m\u00ed, las croquetas siguen rodando por la cinta transportadora\u201d<\/h2>\n<p>A pesar de todo, Daphne agradece la aparici\u00f3n del coronavirus a nivel personal. \u00abCuando uno lleva 20 a\u00f1os en el negocio, como gerente, siente que es indispensable. A veces te sientes obligado a estar siempre ah\u00ed. Como mis hijos ya no pod\u00edan ir al colegio, ten\u00eda que estar disponible para ellos. Volv\u00ed a aprender a disfrutar del tiempo de calidad con ellos. Y ahora lo s\u00e9: si no estoy en la empresa durante un d\u00eda, las croquetas siguen rodando por la cinta transportadora. Esto me ha dado m\u00e1s confianza en mi gente. Si no hubiera surgido esta situaci\u00f3n, nunca me habr\u00eda atrevido a apartarme, pero se aprecia mucho tanto en casa como en el trabajo.\u00bb<\/p>\n<p><strong>Esta serie con testimonios de los mejores empresarios sobre la crisis del Covid-19 tambi\u00e9n est\u00e1 en marcha en otras regiones de Made In. Esta semana, por ejemplo, puede encontrar la \u00abVisi\u00f3n clara\u00bb de, entre otros, <a href=\"https:\/\/www.madeinlimburg.be\/nieuws\/de-klare-kijk-van-urbain-vandeurzen-de-economie-is-geen-knopje-dat-je-eventjes-kunt-aanzetten\/\" target=\"_blank\" rel=\"noopener noreferrer\">Urbain Vandeurzen<\/a> (VMF Invest), <a href=\"https:\/\/www.madeinmechelen.be\/nieuws\/de-klare-kijk-van-kenny-van-paesschen-van-shopwedo-ik-ben-zelfs-een-beetje-beschaamd-ten-opzichte-van-andere-ondernemers\" target=\"_blank\" rel=\"noopener noreferrer\">Kenny Van Paesschen<\/a> (ShopWeDo), <a href=\"https:\/\/www.madeinantwerpen.be\/nieuws\/klare-kijk-wouter-de-geest\" target=\"_blank\" rel=\"noopener noreferrer\">Wouter De Geest<\/a> (BASF\/VOKA), <a href=\"https:\/\/www.madeinkempen.be\/nieuws\/de-klare-kijk-van-jan-van-eyck-groep-van-eyck-zonder-kader-van-de-overheid-kunnen-we-niet-aan-de-slag\/\" target=\"_blank\" rel=\"noopener noreferrer\">Jan Van Eyck <\/a>(Groep Van Eyck) y <a href=\"https:\/\/www.madeinlimburg.be\/topics-content\/hr-topic\/de-klare-kijk-van-west-vlaamse-topondernemers-caroline-van-marcke-van-marcke-if-you-are-in-hell-keep-on-walking-topic\/\" target=\"_blank\" rel=\"noopener noreferrer\">Caroline Van Marcke<\/a> (Van Marcke).<\/strong><\/p>\n<\/section>\n","protected":false},"excerpt":{"rendered":"<p>Rani Cromphout 25 de junio de 2020 Durante cinco semanas, preguntamos a los principales empresarios de la zona este sobre su visi\u00f3n de la vida durante y despu\u00e9s del coronavirus. La semana pasada, hablamos con&#8230;<\/p>\n","protected":false},"author":5,"featured_media":0,"comment_status":"closed","ping_status":"closed","sticky":false,"template":"","format":"standard","meta":{"_acf_changed":false,"inline_featured_image":false,"footnotes":""},"categories":[140],"tags":[],"class_list":["post-1630","post","type-post","status-publish","format-standard","hentry","category-sin-categorizar"],"acf":[],"yoast_head":"<!-- This site is optimized with the Yoast SEO plugin v27.0 - https:\/\/yoast.com\/product\/yoast-seo-wordpress\/ -->\n<title>La visi\u00f3n clara de Daphne Aers (TNS Kroket): &quot;Suministro de gambas completamente paralizado&quot; - TNS Food<\/title>\n<meta name=\"robots\" content=\"index, follow, max-snippet:-1, max-image-preview:large, max-video-preview:-1\" \/>\n<link rel=\"canonical\" href=\"https:\/\/www.tnsfood.com\/es\/noticias\/la-vision-clara-de-daphne-aers-tns-kroket-suministro-de-gambas-completamente-paralizado\/\" \/>\n<meta property=\"og:locale\" content=\"nl_BE\" \/>\n<meta property=\"og:type\" content=\"article\" \/>\n<meta property=\"og:title\" content=\"La visi\u00f3n clara de Daphne Aers (TNS Kroket): &quot;Suministro de gambas completamente paralizado&quot; - TNS Food\" \/>\n<meta property=\"og:description\" content=\"Rani Cromphout 25 de junio de 2020 Durante cinco semanas, preguntamos a los principales empresarios de la zona este sobre su visi\u00f3n de la vida durante y despu\u00e9s del coronavirus. La semana pasada, hablamos con...\" \/>\n<meta property=\"og:url\" content=\"https:\/\/www.tnsfood.com\/es\/noticias\/la-vision-clara-de-daphne-aers-tns-kroket-suministro-de-gambas-completamente-paralizado\/\" \/>\n<meta property=\"og:site_name\" content=\"TNS Food\" \/>\n<meta property=\"article:published_time\" content=\"2022-05-17T10:14:41+00:00\" \/>\n<meta property=\"article:modified_time\" content=\"2022-05-23T08:58:50+00:00\" \/>\n<meta property=\"og:image\" content=\"https:\/\/i1.wp.com\/www.madeinoostvlaanderen.be\/wp-content\/uploads\/2020\/06\/unnamed-2-1.jpg?w=512&amp;ssl=1\" \/>\n<meta name=\"author\" content=\"Architekst\" \/>\n<meta name=\"twitter:card\" content=\"summary_large_image\" \/>\n<meta name=\"twitter:label1\" content=\"Escrito por\" \/>\n\t<meta name=\"twitter:data1\" content=\"Architekst\" \/>\n\t<meta name=\"twitter:label2\" content=\"Tiempo de lectura\" \/>\n\t<meta name=\"twitter:data2\" content=\"5 minutos\" \/>\n<script type=\"application\/ld+json\" class=\"yoast-schema-graph\">{\"@context\":\"https:\/\/schema.org\",\"@graph\":[{\"@type\":\"Article\",\"@id\":\"https:\/\/www.tnsfood.com\/es\/noticias\/la-vision-clara-de-daphne-aers-tns-kroket-suministro-de-gambas-completamente-paralizado\/#article\",\"isPartOf\":{\"@id\":\"https:\/\/www.tnsfood.com\/es\/noticias\/la-vision-clara-de-daphne-aers-tns-kroket-suministro-de-gambas-completamente-paralizado\/\"},\"author\":{\"name\":\"Architekst\",\"@id\":\"https:\/\/www.tnsfood.com\/es\/#\/schema\/person\/f7602c3510b6d69e0e328a960b703e97\"},\"headline\":\"La visi\u00f3n clara de Daphne Aers (TNS Kroket): \u00abSuministro de gambas completamente paralizado\u00bb\",\"datePublished\":\"2022-05-17T10:14:41+00:00\",\"dateModified\":\"2022-05-23T08:58:50+00:00\",\"mainEntityOfPage\":{\"@id\":\"https:\/\/www.tnsfood.com\/es\/noticias\/la-vision-clara-de-daphne-aers-tns-kroket-suministro-de-gambas-completamente-paralizado\/\"},\"wordCount\":908,\"image\":{\"@id\":\"https:\/\/www.tnsfood.com\/es\/noticias\/la-vision-clara-de-daphne-aers-tns-kroket-suministro-de-gambas-completamente-paralizado\/#primaryimage\"},\"thumbnailUrl\":\"https:\/\/i1.wp.com\/www.madeinoostvlaanderen.be\/wp-content\/uploads\/2020\/06\/unnamed-2-1.jpg?w=512&amp;ssl=1\",\"articleSection\":[\"Sin categorizar\"],\"inLanguage\":\"es\"},{\"@type\":\"WebPage\",\"@id\":\"https:\/\/www.tnsfood.com\/es\/noticias\/la-vision-clara-de-daphne-aers-tns-kroket-suministro-de-gambas-completamente-paralizado\/\",\"url\":\"https:\/\/www.tnsfood.com\/es\/noticias\/la-vision-clara-de-daphne-aers-tns-kroket-suministro-de-gambas-completamente-paralizado\/\",\"name\":\"La visi\u00f3n clara de Daphne Aers (TNS Kroket): \\\"Suministro de gambas completamente paralizado\\\" - TNS Food\",\"isPartOf\":{\"@id\":\"https:\/\/www.tnsfood.com\/es\/#website\"},\"primaryImageOfPage\":{\"@id\":\"https:\/\/www.tnsfood.com\/es\/noticias\/la-vision-clara-de-daphne-aers-tns-kroket-suministro-de-gambas-completamente-paralizado\/#primaryimage\"},\"image\":{\"@id\":\"https:\/\/www.tnsfood.com\/es\/noticias\/la-vision-clara-de-daphne-aers-tns-kroket-suministro-de-gambas-completamente-paralizado\/#primaryimage\"},\"thumbnailUrl\":\"https:\/\/i1.wp.com\/www.madeinoostvlaanderen.be\/wp-content\/uploads\/2020\/06\/unnamed-2-1.jpg?w=512&amp;ssl=1\",\"datePublished\":\"2022-05-17T10:14:41+00:00\",\"dateModified\":\"2022-05-23T08:58:50+00:00\",\"author\":{\"@id\":\"https:\/\/www.tnsfood.com\/es\/#\/schema\/person\/f7602c3510b6d69e0e328a960b703e97\"},\"breadcrumb\":{\"@id\":\"https:\/\/www.tnsfood.com\/es\/noticias\/la-vision-clara-de-daphne-aers-tns-kroket-suministro-de-gambas-completamente-paralizado\/#breadcrumb\"},\"inLanguage\":\"es\",\"potentialAction\":[{\"@type\":\"ReadAction\",\"target\":[\"https:\/\/www.tnsfood.com\/es\/noticias\/la-vision-clara-de-daphne-aers-tns-kroket-suministro-de-gambas-completamente-paralizado\/\"]}]},{\"@type\":\"ImageObject\",\"inLanguage\":\"es\",\"@id\":\"https:\/\/www.tnsfood.com\/es\/noticias\/la-vision-clara-de-daphne-aers-tns-kroket-suministro-de-gambas-completamente-paralizado\/#primaryimage\",\"url\":\"https:\/\/i1.wp.com\/www.madeinoostvlaanderen.be\/wp-content\/uploads\/2020\/06\/unnamed-2-1.jpg?w=512&amp;ssl=1\",\"contentUrl\":\"https:\/\/i1.wp.com\/www.madeinoostvlaanderen.be\/wp-content\/uploads\/2020\/06\/unnamed-2-1.jpg?w=512&amp;ssl=1\"},{\"@type\":\"BreadcrumbList\",\"@id\":\"https:\/\/www.tnsfood.com\/es\/noticias\/la-vision-clara-de-daphne-aers-tns-kroket-suministro-de-gambas-completamente-paralizado\/#breadcrumb\",\"itemListElement\":[{\"@type\":\"ListItem\",\"position\":1,\"name\":\"Home\",\"item\":\"https:\/\/www.tnsfood.com\/es\/\"},{\"@type\":\"ListItem\",\"position\":2,\"name\":\"La visi\u00f3n clara de Daphne Aers (TNS Kroket): \u00abSuministro de gambas completamente paralizado\u00bb\"}]},{\"@type\":\"WebSite\",\"@id\":\"https:\/\/www.tnsfood.com\/es\/#website\",\"url\":\"https:\/\/www.tnsfood.com\/es\/\",\"name\":\"TNS Food\",\"description\":\"\",\"potentialAction\":[{\"@type\":\"SearchAction\",\"target\":{\"@type\":\"EntryPoint\",\"urlTemplate\":\"https:\/\/www.tnsfood.com\/es\/?s={search_term_string}\"},\"query-input\":{\"@type\":\"PropertyValueSpecification\",\"valueRequired\":true,\"valueName\":\"search_term_string\"}}],\"inLanguage\":\"es\"},{\"@type\":\"Person\",\"@id\":\"https:\/\/www.tnsfood.com\/es\/#\/schema\/person\/f7602c3510b6d69e0e328a960b703e97\",\"name\":\"Architekst\",\"image\":{\"@type\":\"ImageObject\",\"inLanguage\":\"es\",\"@id\":\"https:\/\/www.tnsfood.com\/es\/#\/schema\/person\/image\/\",\"url\":\"https:\/\/secure.gravatar.com\/avatar\/62544642131561203c7cedf8cf78ee86f0c698b0717533d9b44dda4d7cb4a0e2?s=96&d=mm&r=g\",\"contentUrl\":\"https:\/\/secure.gravatar.com\/avatar\/62544642131561203c7cedf8cf78ee86f0c698b0717533d9b44dda4d7cb4a0e2?s=96&d=mm&r=g\",\"caption\":\"Architekst\"},\"url\":\"https:\/\/www.tnsfood.com\/es\/author\/architekst\/\"}]}<\/script>\n<!-- \/ Yoast SEO plugin. -->","yoast_head_json":{"title":"La visi\u00f3n clara de Daphne Aers (TNS Kroket): \"Suministro de gambas completamente paralizado\" - TNS Food","robots":{"index":"index","follow":"follow","max-snippet":"max-snippet:-1","max-image-preview":"max-image-preview:large","max-video-preview":"max-video-preview:-1"},"canonical":"https:\/\/www.tnsfood.com\/es\/noticias\/la-vision-clara-de-daphne-aers-tns-kroket-suministro-de-gambas-completamente-paralizado\/","og_locale":"nl_BE","og_type":"article","og_title":"La visi\u00f3n clara de Daphne Aers (TNS Kroket): \"Suministro de gambas completamente paralizado\" - TNS Food","og_description":"Rani Cromphout 25 de junio de 2020 Durante cinco semanas, preguntamos a los principales empresarios de la zona este sobre su visi\u00f3n de la vida durante y despu\u00e9s del coronavirus. La semana pasada, hablamos con...","og_url":"https:\/\/www.tnsfood.com\/es\/noticias\/la-vision-clara-de-daphne-aers-tns-kroket-suministro-de-gambas-completamente-paralizado\/","og_site_name":"TNS Food","article_published_time":"2022-05-17T10:14:41+00:00","article_modified_time":"2022-05-23T08:58:50+00:00","og_image":[{"url":"https:\/\/i1.wp.com\/www.madeinoostvlaanderen.be\/wp-content\/uploads\/2020\/06\/unnamed-2-1.jpg?w=512&amp;ssl=1","type":"","width":"","height":""}],"author":"Architekst","twitter_card":"summary_large_image","twitter_misc":{"Escrito por":"Architekst","Tiempo de lectura":"5 minutos"},"schema":{"@context":"https:\/\/schema.org","@graph":[{"@type":"Article","@id":"https:\/\/www.tnsfood.com\/es\/noticias\/la-vision-clara-de-daphne-aers-tns-kroket-suministro-de-gambas-completamente-paralizado\/#article","isPartOf":{"@id":"https:\/\/www.tnsfood.com\/es\/noticias\/la-vision-clara-de-daphne-aers-tns-kroket-suministro-de-gambas-completamente-paralizado\/"},"author":{"name":"Architekst","@id":"https:\/\/www.tnsfood.com\/es\/#\/schema\/person\/f7602c3510b6d69e0e328a960b703e97"},"headline":"La visi\u00f3n clara de Daphne Aers (TNS Kroket): \u00abSuministro de gambas completamente paralizado\u00bb","datePublished":"2022-05-17T10:14:41+00:00","dateModified":"2022-05-23T08:58:50+00:00","mainEntityOfPage":{"@id":"https:\/\/www.tnsfood.com\/es\/noticias\/la-vision-clara-de-daphne-aers-tns-kroket-suministro-de-gambas-completamente-paralizado\/"},"wordCount":908,"image":{"@id":"https:\/\/www.tnsfood.com\/es\/noticias\/la-vision-clara-de-daphne-aers-tns-kroket-suministro-de-gambas-completamente-paralizado\/#primaryimage"},"thumbnailUrl":"https:\/\/i1.wp.com\/www.madeinoostvlaanderen.be\/wp-content\/uploads\/2020\/06\/unnamed-2-1.jpg?w=512&amp;ssl=1","articleSection":["Sin categorizar"],"inLanguage":"es"},{"@type":"WebPage","@id":"https:\/\/www.tnsfood.com\/es\/noticias\/la-vision-clara-de-daphne-aers-tns-kroket-suministro-de-gambas-completamente-paralizado\/","url":"https:\/\/www.tnsfood.com\/es\/noticias\/la-vision-clara-de-daphne-aers-tns-kroket-suministro-de-gambas-completamente-paralizado\/","name":"La visi\u00f3n clara de Daphne Aers (TNS Kroket): \"Suministro de gambas completamente paralizado\" - TNS Food","isPartOf":{"@id":"https:\/\/www.tnsfood.com\/es\/#website"},"primaryImageOfPage":{"@id":"https:\/\/www.tnsfood.com\/es\/noticias\/la-vision-clara-de-daphne-aers-tns-kroket-suministro-de-gambas-completamente-paralizado\/#primaryimage"},"image":{"@id":"https:\/\/www.tnsfood.com\/es\/noticias\/la-vision-clara-de-daphne-aers-tns-kroket-suministro-de-gambas-completamente-paralizado\/#primaryimage"},"thumbnailUrl":"https:\/\/i1.wp.com\/www.madeinoostvlaanderen.be\/wp-content\/uploads\/2020\/06\/unnamed-2-1.jpg?w=512&amp;ssl=1","datePublished":"2022-05-17T10:14:41+00:00","dateModified":"2022-05-23T08:58:50+00:00","author":{"@id":"https:\/\/www.tnsfood.com\/es\/#\/schema\/person\/f7602c3510b6d69e0e328a960b703e97"},"breadcrumb":{"@id":"https:\/\/www.tnsfood.com\/es\/noticias\/la-vision-clara-de-daphne-aers-tns-kroket-suministro-de-gambas-completamente-paralizado\/#breadcrumb"},"inLanguage":"es","potentialAction":[{"@type":"ReadAction","target":["https:\/\/www.tnsfood.com\/es\/noticias\/la-vision-clara-de-daphne-aers-tns-kroket-suministro-de-gambas-completamente-paralizado\/"]}]},{"@type":"ImageObject","inLanguage":"es","@id":"https:\/\/www.tnsfood.com\/es\/noticias\/la-vision-clara-de-daphne-aers-tns-kroket-suministro-de-gambas-completamente-paralizado\/#primaryimage","url":"https:\/\/i1.wp.com\/www.madeinoostvlaanderen.be\/wp-content\/uploads\/2020\/06\/unnamed-2-1.jpg?w=512&amp;ssl=1","contentUrl":"https:\/\/i1.wp.com\/www.madeinoostvlaanderen.be\/wp-content\/uploads\/2020\/06\/unnamed-2-1.jpg?w=512&amp;ssl=1"},{"@type":"BreadcrumbList","@id":"https:\/\/www.tnsfood.com\/es\/noticias\/la-vision-clara-de-daphne-aers-tns-kroket-suministro-de-gambas-completamente-paralizado\/#breadcrumb","itemListElement":[{"@type":"ListItem","position":1,"name":"Home","item":"https:\/\/www.tnsfood.com\/es\/"},{"@type":"ListItem","position":2,"name":"La visi\u00f3n clara de Daphne Aers (TNS Kroket): \u00abSuministro de gambas completamente paralizado\u00bb"}]},{"@type":"WebSite","@id":"https:\/\/www.tnsfood.com\/es\/#website","url":"https:\/\/www.tnsfood.com\/es\/","name":"TNS Food","description":"","potentialAction":[{"@type":"SearchAction","target":{"@type":"EntryPoint","urlTemplate":"https:\/\/www.tnsfood.com\/es\/?s={search_term_string}"},"query-input":{"@type":"PropertyValueSpecification","valueRequired":true,"valueName":"search_term_string"}}],"inLanguage":"es"},{"@type":"Person","@id":"https:\/\/www.tnsfood.com\/es\/#\/schema\/person\/f7602c3510b6d69e0e328a960b703e97","name":"Architekst","image":{"@type":"ImageObject","inLanguage":"es","@id":"https:\/\/www.tnsfood.com\/es\/#\/schema\/person\/image\/","url":"https:\/\/secure.gravatar.com\/avatar\/62544642131561203c7cedf8cf78ee86f0c698b0717533d9b44dda4d7cb4a0e2?s=96&d=mm&r=g","contentUrl":"https:\/\/secure.gravatar.com\/avatar\/62544642131561203c7cedf8cf78ee86f0c698b0717533d9b44dda4d7cb4a0e2?s=96&d=mm&r=g","caption":"Architekst"},"url":"https:\/\/www.tnsfood.com\/es\/author\/architekst\/"}]}},"_links":{"self":[{"href":"https:\/\/www.tnsfood.com\/es\/wp-json\/wp\/v2\/posts\/1630","targetHints":{"allow":["GET"]}}],"collection":[{"href":"https:\/\/www.tnsfood.com\/es\/wp-json\/wp\/v2\/posts"}],"about":[{"href":"https:\/\/www.tnsfood.com\/es\/wp-json\/wp\/v2\/types\/post"}],"author":[{"embeddable":true,"href":"https:\/\/www.tnsfood.com\/es\/wp-json\/wp\/v2\/users\/5"}],"replies":[{"embeddable":true,"href":"https:\/\/www.tnsfood.com\/es\/wp-json\/wp\/v2\/comments?post=1630"}],"version-history":[{"count":4,"href":"https:\/\/www.tnsfood.com\/es\/wp-json\/wp\/v2\/posts\/1630\/revisions"}],"predecessor-version":[{"id":1679,"href":"https:\/\/www.tnsfood.com\/es\/wp-json\/wp\/v2\/posts\/1630\/revisions\/1679"}],"wp:attachment":[{"href":"https:\/\/www.tnsfood.com\/es\/wp-json\/wp\/v2\/media?parent=1630"}],"wp:term":[{"taxonomy":"category","embeddable":true,"href":"https:\/\/www.tnsfood.com\/es\/wp-json\/wp\/v2\/categories?post=1630"},{"taxonomy":"post_tag","embeddable":true,"href":"https:\/\/www.tnsfood.com\/es\/wp-json\/wp\/v2\/tags?post=1630"}],"curies":[{"name":"wp","href":"https:\/\/api.w.org\/{rel}","templated":true}]}}